{"id":4970,"date":"2024-04-24T18:43:53","date_gmt":"2024-04-24T16:43:53","guid":{"rendered":"https:\/\/ecopimeprojects.com\/nous-ajuts-per-a-la-rehabilitacio-dhabitatges-rurals\/"},"modified":"2024-04-24T19:34:05","modified_gmt":"2024-04-24T17:34:05","slug":"nous-ajuts-per-a-la-rehabilitacio-dhabitatges-rurals","status":"publish","type":"post","link":"https:\/\/ecopimeprojects.com\/es\/nous-ajuts-per-a-la-rehabilitacio-dhabitatges-rurals\/","title":{"rendered":"Nuevas ayudas para la rehabilitaci\u00f3n de viviendas rurales"},"content":{"rendered":"\t\t<div data-elementor-type=\"wp-post\" data-elementor-id=\"4970\" class=\"elementor elementor-4970 elementor-4963\" data-elementor-post-type=\"post\">\n\t\t\t\t\t\t<section class=\"elementor-section elementor-top-section elementor-element elementor-element-231109b elementor-section-boxed elementor-section-height-default elementor-section-height-default\" data-id=\"231109b\" data-element_type=\"section\" data-e-type=\"section\">\n\t\t\t\t\t\t<div class=\"elementor-container elementor-column-gap-default\">\n\t\t\t\t\t<div class=\"elementor-column elementor-col-100 elementor-top-column elementor-element elementor-element-416f79a\" data-id=\"416f79a\" data-element_type=\"column\" data-e-type=\"column\">\n\t\t\t<div class=\"elementor-widget-wrap elementor-element-populated\">\n\t\t\t\t\t\t<div class=\"elementor-element elementor-element-bc8873e elementor-widget elementor-widget-text-editor\" data-id=\"bc8873e\" data-element_type=\"widget\" data-e-type=\"widget\" data-widget_type=\"text-editor.default\">\n\t\t\t\t<div class=\"elementor-widget-container\">\n\t\t\t\t\t\t\t\t\t<p>La Generalitat de Catalu\u00f1a ha aprobado unas subvenciones del <strong>Programa de rehabilitaci\u00f3n\u00a0de edificios\u00a0de viviendas y viviendas\u00a0individuales de titularidad privada<\/strong>, con\u00a0el objetivo de fomentar el arraigo en entornos\u00a0rurales de Catalu\u00f1a. El Diario Oficial de la Generalitat de Catalu\u00f1a (DOGC) ha aprobado las bases reguladoras para la concesi\u00f3n, en r\u00e9gimen de concurrencia p\u00fablica no competitiva.<br \/><br \/>Las ayudas, de un 50% del presupuesto,\u00a0tienen como objetivo <strong>atraer y fijar poblaci\u00f3n en entornos rurales<\/strong> a trav\u00e9s de actuaciones destinadas a revertir el proceso de despoblamiento que afecta el territorio, y dar respuesta a la demanda de vivienda asequible a los n\u00facleos de poblaci\u00f3n m\u00e1s peque\u00f1os.<\/p>\t\t\t\t\t\t\t\t<\/div>\n\t\t\t\t<\/div>\n\t\t\t\t<div class=\"elementor-element elementor-element-3edcc45 elementor-widget elementor-widget-text-editor\" data-id=\"3edcc45\" data-element_type=\"widget\" data-e-type=\"widget\" data-widget_type=\"text-editor.default\">\n\t\t\t\t<div class=\"elementor-widget-container\">\n\t\t\t\t\t\t\t\t\t<div class=\"traductor-textarea form-group\"><div class=\"textarea-desti col-xs-12 col-sm-6\"><div class=\"form-control second-textarea\" style=\"text-align: center;\"><em><strong>Nuevas subvenciones del 50% del presupuesto para la rehabilitaci\u00f3n de viviendas rurales<\/strong><\/em><\/div><\/div><\/div>\t\t\t\t\t\t\t\t<\/div>\n\t\t\t\t<\/div>\n\t\t\t\t<div class=\"elementor-element elementor-element-08afd1d elementor-widget elementor-widget-text-editor\" data-id=\"08afd1d\" data-element_type=\"widget\" data-e-type=\"widget\" data-widget_type=\"text-editor.default\">\n\t\t\t\t<div class=\"elementor-widget-container\">\n\t\t\t\t\t\t\t\t\t<p>Por un lado, se quiere evitar la p\u00e9rdida de poblaci\u00f3n en el mundo rural, y por la otra, incentivar la realizaci\u00f3n de proyectos y actuaciones singulares que estimulen y refuercen el acceso a la vivienda en las diferentes modalidades de tenencia. As\u00ed, se considera de inter\u00e9s p\u00fablico, econ\u00f3mico y social, promover la conservaci\u00f3n del patrimonio y la mejora estructural y energ\u00e9tica de edificios de viviendas y viviendas individuales a los entornos rurales.<br \/><br \/>Quedan excluidos de la subvenci\u00f3n los edificios de viviendas o viviendas individuales de titularidad privada que tengan por finalidad el uso tur\u00edstico o la segunda residencia.<\/p>\t\t\t\t\t\t\t\t<\/div>\n\t\t\t\t<\/div>\n\t\t\t\t\t<\/div>\n\t\t<\/div>\n\t\t\t\t\t<\/div>\n\t\t<\/section>\n\t\t\t\t<section class=\"elementor-section elementor-top-section elementor-element elementor-element-1ce842c elementor-section-boxed elementor-section-height-default elementor-section-height-default\" data-id=\"1ce842c\" data-element_type=\"section\" data-e-type=\"section\">\n\t\t\t\t\t\t<div class=\"elementor-container elementor-column-gap-default\">\n\t\t\t\t\t<div class=\"elementor-column elementor-col-100 elementor-top-column elementor-element elementor-element-4789f3d\" data-id=\"4789f3d\" data-element_type=\"column\" data-e-type=\"column\">\n\t\t\t<div class=\"elementor-widget-wrap elementor-element-populated\">\n\t\t\t\t\t\t<div class=\"elementor-element elementor-element-dc68de6 elementor-widget elementor-widget-heading\" data-id=\"dc68de6\" data-element_type=\"widget\" data-e-type=\"widget\" data-widget_type=\"heading.default\">\n\t\t\t\t<div class=\"elementor-widget-container\">\n\t\t\t\t\t<h2 class=\"elementor-heading-title elementor-size-default\">Qui\u00e9n se puede acoger a las subvenciones para la rehabilitaci\u00f3n de viviendas rurales<\/h2>\t\t\t\t<\/div>\n\t\t\t\t<\/div>\n\t\t\t\t\t<\/div>\n\t\t<\/div>\n\t\t\t\t\t<\/div>\n\t\t<\/section>\n\t\t\t\t<section class=\"elementor-section elementor-top-section elementor-element elementor-element-4c05a27 elementor-section-boxed elementor-section-height-default elementor-section-height-default\" data-id=\"4c05a27\" data-element_type=\"section\" data-e-type=\"section\">\n\t\t\t\t\t\t<div class=\"elementor-container elementor-column-gap-default\">\n\t\t\t\t\t<div class=\"elementor-column elementor-col-100 elementor-top-column elementor-element elementor-element-0eca42e\" data-id=\"0eca42e\" data-element_type=\"column\" data-e-type=\"column\">\n\t\t\t<div class=\"elementor-widget-wrap elementor-element-populated\">\n\t\t\t\t\t\t<div class=\"elementor-element elementor-element-fb1ec27 elementor-widget elementor-widget-text-editor\" data-id=\"fb1ec27\" data-element_type=\"widget\" data-e-type=\"widget\" data-widget_type=\"text-editor.default\">\n\t\t\t\t<div class=\"elementor-widget-container\">\n\t\t\t\t\t\t\t\t\t<p>Las subvenciones son dirigidas a personas f\u00edsicas o jur\u00eddicas privadas, que sean propietarias y que asuman la<strong> rehabilitaci\u00f3n de edificios de viviendas o viviendas individuales de titularidad privada<\/strong> situados a\u00a0municipios de menos de 500 habitantes del conjunto de Catalu\u00f1a; municipios de hasta 1.000 habitantes que formen parte de las comarcas de la Terra Alta, las Garrigues, el Ripoll\u00e8s, el Priorat y la Ribera de Ebro; o todos los municipios que formen parte de la\u00a0Vegueria\u00a0del Alto Pirineo y Ar\u00e1n, incluidos los n\u00facleos agregados. No obstante, quedan excluidos el n\u00facleos principales de las capitales de comarca (Vielha, el Pont de Suert, Sort, Tremp, la Seu d&#8217;Urgell y Puigcerd\u00e1).<\/p>\t\t\t\t\t\t\t\t<\/div>\n\t\t\t\t<\/div>\n\t\t\t\t\t<\/div>\n\t\t<\/div>\n\t\t\t\t\t<\/div>\n\t\t<\/section>\n\t\t\t\t<section class=\"elementor-section elementor-top-section elementor-element elementor-element-2b94378 elementor-section-boxed elementor-section-height-default elementor-section-height-default\" data-id=\"2b94378\" data-element_type=\"section\" data-e-type=\"section\">\n\t\t\t\t\t\t<div class=\"elementor-container elementor-column-gap-default\">\n\t\t\t\t\t<div class=\"elementor-column elementor-col-100 elementor-top-column elementor-element elementor-element-f7254ba\" data-id=\"f7254ba\" data-element_type=\"column\" data-e-type=\"column\">\n\t\t\t<div class=\"elementor-widget-wrap elementor-element-populated\">\n\t\t\t\t\t\t<div class=\"elementor-element elementor-element-5b24978 elementor-widget elementor-widget-heading\" data-id=\"5b24978\" data-element_type=\"widget\" data-e-type=\"widget\" data-widget_type=\"heading.default\">\n\t\t\t\t<div class=\"elementor-widget-container\">\n\t\t\t\t\t<h2 class=\"elementor-heading-title elementor-size-default\">Proyectos t\u00e9cnicos, b\u00e1sicos y\/o de ejecuci\u00f3n, de rehabilitaci\u00f3n del edificio de viviendas o vivienda individual\n<\/h2>\t\t\t\t<\/div>\n\t\t\t\t<\/div>\n\t\t\t\t\t<\/div>\n\t\t<\/div>\n\t\t\t\t\t<\/div>\n\t\t<\/section>\n\t\t\t\t<section class=\"elementor-section elementor-top-section elementor-element elementor-element-9db24ae elementor-section-boxed elementor-section-height-default elementor-section-height-default\" data-id=\"9db24ae\" data-element_type=\"section\" data-e-type=\"section\">\n\t\t\t\t\t\t<div class=\"elementor-container elementor-column-gap-default\">\n\t\t\t\t\t<div class=\"elementor-column elementor-col-100 elementor-top-column elementor-element elementor-element-aec2943\" data-id=\"aec2943\" data-element_type=\"column\" data-e-type=\"column\">\n\t\t\t<div class=\"elementor-widget-wrap elementor-element-populated\">\n\t\t\t\t\t\t<div class=\"elementor-element elementor-element-52d2876 elementor-widget elementor-widget-text-editor\" data-id=\"52d2876\" data-element_type=\"widget\" data-e-type=\"widget\" data-widget_type=\"text-editor.default\">\n\t\t\t\t<div class=\"elementor-widget-container\">\n\t\t\t\t\t\t\t\t\t<p>Los proyectos t\u00e9cnicos forman parte de la fase inicial de planificaci\u00f3n y dise\u00f1o, donde se eval\u00faa el estado actual de la estructura y se proponen soluciones viables y eficientes para su rehabilitaci\u00f3n. En Ecopime, como equipo de ingenieros expertos, trabajamos en estrecha colaboraci\u00f3n con nuestros clientes para comprender sus necesidades y objetivos espec\u00edficos. Desde el an\u00e1lisis de la infraestructura existente hasta la identificaci\u00f3n de \u00e1reas de mejora y optimizaci\u00f3n, nos aseguramos de desarrollar un plan integral que cumpla con sus expectativas y requisitos reglamentarios.<\/p>\t\t\t\t\t\t\t\t<\/div>\n\t\t\t\t<\/div>\n\t\t\t\t\t<\/div>\n\t\t<\/div>\n\t\t\t\t\t<\/div>\n\t\t<\/section>\n\t\t\t\t<section class=\"elementor-section elementor-top-section elementor-element elementor-element-3310618 elementor-section-boxed elementor-section-height-default elementor-section-height-default\" data-id=\"3310618\" data-element_type=\"section\" data-e-type=\"section\">\n\t\t\t\t\t\t<div class=\"elementor-container elementor-column-gap-default\">\n\t\t\t\t\t<div class=\"elementor-column elementor-col-100 elementor-top-column elementor-element elementor-element-7bdc986\" data-id=\"7bdc986\" data-element_type=\"column\" data-e-type=\"column\">\n\t\t\t<div class=\"elementor-widget-wrap elementor-element-populated\">\n\t\t\t\t\t\t<div class=\"elementor-element elementor-element-1ea045b elementor-widget elementor-widget-text-editor\" data-id=\"1ea045b\" data-element_type=\"widget\" data-e-type=\"widget\" data-widget_type=\"text-editor.default\">\n\t\t\t\t<div class=\"elementor-widget-container\">\n\t\t\t\t\t\t\t\t\t<div class=\"traductor-textarea form-group\"><div class=\"textarea-desti col-xs-12 col-sm-6\"><div class=\"form-control second-textarea\" style=\"text-align: center;\"><strong><em>\u00bfQuieres aprovechar las nuevas subvenciones y rehabilitar una vivienda rural? En Ecopime te ayudamos en todo el proceso.<\/em><\/strong><\/div><\/div><\/div><div class=\"traductor-checkbox form-group\"><div class=\"row\"><div class=\"col-sm-offset-2 col-sm-5\">\u00a0<\/div><\/div><\/div>\t\t\t\t\t\t\t\t<\/div>\n\t\t\t\t<\/div>\n\t\t\t\t\t<\/div>\n\t\t<\/div>\n\t\t\t\t\t<\/div>\n\t\t<\/section>\n\t\t\t\t<section class=\"elementor-section elementor-top-section elementor-element elementor-element-b410e10 elementor-section-boxed elementor-section-height-default elementor-section-height-default\" data-id=\"b410e10\" data-element_type=\"section\" data-e-type=\"section\">\n\t\t\t\t\t\t<div class=\"elementor-container elementor-column-gap-default\">\n\t\t\t\t\t<div class=\"elementor-column elementor-col-100 elementor-top-column elementor-element elementor-element-8f6d986\" data-id=\"8f6d986\" data-element_type=\"column\" data-e-type=\"column\">\n\t\t\t<div class=\"elementor-widget-wrap elementor-element-populated\">\n\t\t\t\t\t\t<div class=\"elementor-element elementor-element-1dfb459 elementor-widget elementor-widget-text-editor\" data-id=\"1dfb459\" data-element_type=\"widget\" data-e-type=\"widget\" data-widget_type=\"text-editor.default\">\n\t\t\t\t<div class=\"elementor-widget-container\">\n\t\t\t\t\t\t\t\t\t<p>Establecido el proyecto t\u00e9cnico, hay que definir el detalle de los aspectos estructurales, el\u00e9ctricos, mec\u00e1nicos y arquitect\u00f3nicos del proyecto. Nuestro equipo se encarga de elaborar los planes y especificaciones necesarios para la ejecuci\u00f3n de las obras, garantizando la coherencia y la viabilidad t\u00e9cnica del proyecto.<br \/><br \/>En Ecopime te ayudamos en todo el proceso de rehabilitaci\u00f3n de tu vivienda y a ayudarte a acoger a las nuevas ayudas de rehabilitaci\u00f3n de edificios.<br \/><br \/><strong>Consulta toda la documentaci\u00f3n de la publicaci\u00f3n oficial <a href=\"https:\/\/dogc.gencat.cat\/ca\/document-del-dogc\/?documentId=982254\" target=\"_blank\" rel=\"noopener\">aqu\u00ed<\/a>.<\/strong><\/p>\t\t\t\t\t\t\t\t<\/div>\n\t\t\t\t<\/div>\n\t\t\t\t\t<\/div>\n\t\t<\/div>\n\t\t\t\t\t<\/div>\n\t\t<\/section>\n\t\t\t\t<section class=\"elementor-section elementor-top-section elementor-element elementor-element-f44ea52 elementor-section-boxed elementor-section-height-default elementor-section-height-default\" data-id=\"f44ea52\" data-element_type=\"section\" data-e-type=\"section\">\n\t\t\t\t\t\t<div class=\"elementor-container elementor-column-gap-default\">\n\t\t\t\t\t<div class=\"elementor-column elementor-col-100 elementor-top-column elementor-element elementor-element-43beef1\" data-id=\"43beef1\" data-element_type=\"column\" data-e-type=\"column\">\n\t\t\t<div class=\"elementor-widget-wrap elementor-element-populated\">\n\t\t\t\t\t\t<div class=\"elementor-element elementor-element-284d17e elementor-align-center elementor-widget elementor-widget-button\" data-id=\"284d17e\" data-element_type=\"widget\" data-e-type=\"widget\" data-widget_type=\"button.default\">\n\t\t\t\t<div class=\"elementor-widget-container\">\n\t\t\t\t\t\t\t\t\t<div class=\"elementor-button-wrapper\">\n\t\t\t\t\t<a class=\"elementor-button elementor-button-link elementor-size-sm\" href=\"https:\/\/ecopimeprojects.com\/contacte\/\">\n\t\t\t\t\t\t<span class=\"elementor-button-content-wrapper\">\n\t\t\t\t\t\t\t\t\t<span class=\"elementor-button-text\">SOLICITA INFORMACI\u00d3N AQU\u00cd<\/span>\n\t\t\t\t\t<\/span>\n\t\t\t\t\t<\/a>\n\t\t\t\t<\/div>\n\t\t\t\t\t\t\t\t<\/div>\n\t\t\t\t<\/div>\n\t\t\t\t\t<\/div>\n\t\t<\/div>\n\t\t\t\t\t<\/div>\n\t\t<\/section>\n\t\t\t\t<\/div>\n\t\t","protected":false},"excerpt":{"rendered":"<p>La Generalitat de Catalu\u00f1a ha aprobado unas subvenciones del Programa de rehabilitaci\u00f3n\u00a0de edificios\u00a0de viviendas y viviendas\u00a0individuales de titularidad privada, con\u00a0el objetivo de fomentar el arraigo en entornos\u00a0rurales de Catalu\u00f1a. El Diario Oficial de la Generalitat de Catalu\u00f1a (DOGC) ha aprobado las bases reguladoras para la concesi\u00f3n, en r\u00e9gimen de concurrencia p\u00fablica no competitiva. Las ayudas, [&hellip;]<\/p>\n","protected":false},"author":8,"featured_media":4997,"comment_status":"closed","ping_status":"closed","sticky":false,"template":"","format":"standard","meta":{"footnotes":""},"categories":[510,525,536,513,515,533],"tags":[],"class_list":["post-4970","post","type-post","status-publish","format-standard","has-post-thumbnail","hentry","category-eficiencia-energetica-es","category-licencia-obras-menores","category-projectes-darquitectura-es","category-proyecto-legalizacion-electrico","category-proyectos-de-ingenieria","category-tecnic-de-capcalera-es"],"_links":{"self":[{"href":"https:\/\/ecopimeprojects.com\/es\/wp-json\/wp\/v2\/posts\/4970","targetHints":{"allow":["GET"]}}],"collection":[{"href":"https:\/\/ecopimeprojects.com\/es\/wp-json\/wp\/v2\/posts"}],"about":[{"href":"https:\/\/ecopimeprojects.com\/es\/wp-json\/wp\/v2\/types\/post"}],"author":[{"embeddable":true,"href":"https:\/\/ecopimeprojects.com\/es\/wp-json\/wp\/v2\/users\/8"}],"replies":[{"embeddable":true,"href":"https:\/\/ecopimeprojects.com\/es\/wp-json\/wp\/v2\/comments?post=4970"}],"version-history":[{"count":25,"href":"https:\/\/ecopimeprojects.com\/es\/wp-json\/wp\/v2\/posts\/4970\/revisions"}],"predecessor-version":[{"id":4995,"href":"https:\/\/ecopimeprojects.com\/es\/wp-json\/wp\/v2\/posts\/4970\/revisions\/4995"}],"wp:featuredmedia":[{"embeddable":true,"href":"https:\/\/ecopimeprojects.com\/es\/wp-json\/wp\/v2\/media\/4997"}],"wp:attachment":[{"href":"https:\/\/ecopimeprojects.com\/es\/wp-json\/wp\/v2\/media?parent=4970"}],"wp:term":[{"taxonomy":"category","embeddable":true,"href":"https:\/\/ecopimeprojects.com\/es\/wp-json\/wp\/v2\/categories?post=4970"},{"taxonomy":"post_tag","embeddable":true,"href":"https:\/\/ecopimeprojects.com\/es\/wp-json\/wp\/v2\/tags?post=4970"}],"curies":[{"name":"wp","href":"https:\/\/api.w.org\/{rel}","templated":true}]}}